[{"@context":"https:\/\/schema.org\/","@type":"Article","@id":"https:\/\/www.lejhanec.cz\/dbame-na-detske-potreby\/#Article","mainEntityOfPage":"https:\/\/www.lejhanec.cz\/dbame-na-detske-potreby\/","headline":"Db\u00e1me na d\u011btsk\u00e9 pot\u0159eby","name":"Db\u00e1me na d\u011btsk\u00e9 pot\u0159eby","description":"V\u00edme, \u017ee d\u011bti pot\u0159ebuj\u00ed speci\u00e1ln\u00ed n\u00e1bytek, kter\u00fd bude zapadat do jejich d\u011btsk\u00e9ho a rozmanit\u00e9ho sv\u011bta. Kdy\u017e po\u0159\u00edd\u00edte sv\u00fdm d\u011btem do pokoj\u00ed\u010dku oby\u010dejn\u00e9 postele, rozhodn\u011b je to nenadchne tolik, jako t\u0159eba patrov\u00e1 postel. Nab\u00edz\u00edme v\u00e1m toti\u017e opravdu vyt\u0159\u00edben\u00e9 kousky, jejich\u017e vzhled osln\u00ed nejen v\u00e1s, ale p\u0159edev\u0161\u00edm va\u0161e mil\u00e1\u010dky. Jedn\u00e1 se toti\u017e o opravdu kr\u00e1sn\u00e9 kusy n\u00e1bytku,...<p class=\"more-link-wrap\"><a href=\"https:\/\/www.lejhanec.cz\/dbame-na-detske-potreby\/\" class=\"more-link\">P\u0159e\u010d\u00edst<span class=\"screen-reader-text\"> &ldquo;Db\u00e1me na d\u011btsk\u00e9 pot\u0159eby&rdquo;<\/span> &raquo;<\/a><\/p>","datePublished":"2025-03-09","dateModified":"2025-03-09","author":{"@type":"Person","@id":"https:\/\/www.lejhanec.cz\/author\/devene\/#Person","name":"devene","url":"https:\/\/www.lejhanec.cz\/author\/devene\/","identifier":1,"image":{"@type":"ImageObject","@id":"https:\/\/secure.gravatar.com\/avatar\/1a78ecc0e437eba31014e33ef1099b06183f235c76cc2a60652b6bba7126ee97?s=96&d=mm&r=g","url":"https:\/\/secure.gravatar.com\/avatar\/1a78ecc0e437eba31014e33ef1099b06183f235c76cc2a60652b6bba7126ee97?s=96&d=mm&r=g","height":96,"width":96}},"publisher":{"@type":"Organization","name":"lejhanec.cz","logo":{"@type":"ImageObject","@id":"\/logo.png","url":"\/logo.png","width":600,"height":60}},"url":"https:\/\/www.lejhanec.cz\/dbame-na-detske-potreby\/","wordCount":173,"articleBody":"V\u00edme, \u017ee d\u011bti pot\u0159ebuj\u00ed speci\u00e1ln\u00ed n\u00e1bytek, kter\u00fd bude zapadat do jejich d\u011btsk\u00e9ho a rozmanit\u00e9ho sv\u011bta. Kdy\u017e po\u0159\u00edd\u00edte sv\u00fdm d\u011btem do pokoj\u00ed\u010dku oby\u010dejn\u00e9 postele, rozhodn\u011b je to nenadchne tolik, jako t\u0159eba patrov\u00e1 postel. Nab\u00edz\u00edme v\u00e1m toti\u017e opravdu vyt\u0159\u00edben\u00e9 kousky, jejich\u017e vzhled osln\u00ed nejen v\u00e1s, ale p\u0159edev\u0161\u00edm va\u0161e mil\u00e1\u010dky. Jedn\u00e1 se toti\u017e o opravdu kr\u00e1sn\u00e9 kusy n\u00e1bytku, kter\u00e9 skv\u011ble zapadnou do d\u011btsk\u00e9ho sv\u011bta.Kvalitn\u00ed materi\u00e1lKa\u017ed\u00e1 patrov\u00e1 postel, kterou najdete v na\u0161\u00ed nab\u00eddce, je vyrobena z opravdu kvalitn\u00edho materi\u00e1lu, v\u011bt\u0161inou z masivn\u00edho d\u0159eva z borovice, ale i ze smrku. Db\u00e1me na kvalitu, ale je\u0161t\u011b v\u00edce n\u00e1s zaj\u00edm\u00e1 bezpe\u010d\u00ed va\u0161ich d\u011bt\u00ed, tud\u00ed\u017e se sna\u017e\u00edme, aby v\u00fdsledn\u00fd produkt byl nanejv\u00fd\u0161e bezpe\u010dn\u00fd a aby nehrozilo va\u0161im potomk\u016fm nebezpe\u010d\u00ed n\u011bjak\u00e9ho nep\u0159\u00edjemn\u00e9ho \u00farazu.                                                                                                                                                                                                                                                                                                                                                                                                "},{"@context":"https:\/\/schema.org\/","@type":"BreadcrumbList","itemListElement":[{"@type":"ListItem","position":1,"name":"Db\u00e1me na d\u011btsk\u00e9 pot\u0159eby","item":"https:\/\/www.lejhanec.cz\/dbame-na-detske-potreby\/#breadcrumbitem"}]}]