[{"@context":"https:\/\/schema.org\/","@type":"Article","@id":"https:\/\/www.lejhanec.cz\/drevene-schodiste\/#Article","mainEntityOfPage":"https:\/\/www.lejhanec.cz\/drevene-schodiste\/","headline":"D\u0159ev\u011bn\u00e9 schodi\u0161t\u011b","name":"D\u0159ev\u011bn\u00e9 schodi\u0161t\u011b","description":"\u0158ekla jsem si, \u017ee a\u017e budu sh\u00e1n\u011bt n\u011bjak\u00fd d\u016fm na bydlen\u00ed, tak bych cht\u011bla, aby m\u011bl je\u0161t\u011b jedno patro nav\u00edc. L\u00edb\u00ed se mi, kdy\u017e m\u016f\u017eu m\u00edt elegantn\u00ed d\u0159ev\u011bn\u00e9 schodi\u0161t\u011b. Proto\u017ee j\u00e1 m\u00e1m toti\u017e r\u00e1da takov\u00fd ten chalup\u00e1\u0159sk\u00fd styl. Nem\u00e1m r\u00e1da \u017e\u00e1dnou modernu. L\u00edb\u00ed se mi takov\u00e9 gotick\u00e9 v\u011bci, takov\u00e9, kter\u00e9 jsou mohutn\u00e9 a hodn\u011b zdoben\u00e9....<p class=\"more-link-wrap\"><a href=\"https:\/\/www.lejhanec.cz\/drevene-schodiste\/\" class=\"more-link\">P\u0159e\u010d\u00edst<span class=\"screen-reader-text\"> &ldquo;D\u0159ev\u011bn\u00e9 schodi\u0161t\u011b&rdquo;<\/span> &raquo;<\/a><\/p>","datePublished":"2022-09-18","dateModified":"2023-05-17","author":{"@type":"Person","@id":"https:\/\/www.lejhanec.cz\/author\/devene\/#Person","name":"devene","url":"https:\/\/www.lejhanec.cz\/author\/devene\/","identifier":1,"image":{"@type":"ImageObject","@id":"https:\/\/secure.gravatar.com\/avatar\/1a78ecc0e437eba31014e33ef1099b06183f235c76cc2a60652b6bba7126ee97?s=96&d=mm&r=g","url":"https:\/\/secure.gravatar.com\/avatar\/1a78ecc0e437eba31014e33ef1099b06183f235c76cc2a60652b6bba7126ee97?s=96&d=mm&r=g","height":96,"width":96}},"publisher":{"@type":"Organization","name":"lejhanec.cz","logo":{"@type":"ImageObject","@id":"\/logo.png","url":"\/logo.png","width":600,"height":60}},"image":{"@type":"ImageObject","@id":"https:\/\/www.lejhanec.cz\/wp-content\/uploads\/stairs-4948223_960_720.jpg","url":"https:\/\/www.lejhanec.cz\/wp-content\/uploads\/stairs-4948223_960_720.jpg","height":0,"width":0},"url":"https:\/\/www.lejhanec.cz\/drevene-schodiste\/","about":["N\u00e1kupy"],"wordCount":450,"articleBody":"      \u0158ekla jsem si, \u017ee a\u017e budu sh\u00e1n\u011bt n\u011bjak\u00fd d\u016fm na bydlen\u00ed, tak bych cht\u011bla, aby m\u011bl je\u0161t\u011b jedno patro nav\u00edc. L\u00edb\u00ed se mi, kdy\u017e m\u016f\u017eu m\u00edt elegantn\u00ed d\u0159ev\u011bn\u00e9 schodi\u0161t\u011b. Proto\u017ee j\u00e1 m\u00e1m toti\u017e r\u00e1da takov\u00fd ten chalup\u00e1\u0159sk\u00fd styl. Nem\u00e1m r\u00e1da \u017e\u00e1dnou modernu. L\u00edb\u00ed se mi takov\u00e9 gotick\u00e9 v\u011bci, takov\u00e9, kter\u00e9 jsou mohutn\u00e9 a hodn\u011b zdoben\u00e9. Nemyslete si, \u017ee m\u00e1m r\u00e1da gotiku kv\u016fli tomu, \u017ee je to tmav\u00e1 \u010dern\u00e1 barva. To v\u016fbec ne. J\u00e1 m\u00e1m r\u00e1da sv\u011btl\u00e9 barvy, ale ty tvary m\u00e1m r\u00e1da gotick\u00e9. Ten, kdo zn\u00e1 historii a zaj\u00edm\u00e1 se o um\u011bn\u00ed, tak bude v\u011bd\u011bt, jak to m\u00e1m na mysli, \u017ee m\u00e1m r\u00e1da gotick\u00e9 tvary. P\u0159edstavte si \u017eenu ve tvaru v\u011bstonick\u00e9 Venu\u0161e.A taky p\u0159esn\u011b takov\u00e1 je gotika. A \u0159ekla jsem tedy p\u0159\u00edteli, \u017ee a\u017e p\u016fjdeme pry\u010d z na\u0161eho bytu a koup\u00edme si d\u016fm, tak bych cht\u011bla dokonal\u00e9 p\u011bkn\u00e9 mohutn\u00e9 schodi\u0161t\u011b. A cht\u011bla bych ho z n\u011bjak\u00e9ho pevn\u00e9ho kvalitn\u00edho d\u0159eva. M\u016fj p\u0159\u00edteli v\u017edycky byl za to, \u017ee bychom mohli m\u00edt sklen\u011bn\u00e9 z\u00e1bradl\u00ed a taky schody. Jenom\u017ee mn\u011b se to moc nel\u00edbilo. P\u0159edstavte si tu pr\u00e1ci, jak bych musela st\u00e1le le\u0161tit schody a z\u00e1bradl\u00ed, kdyby to bylo ze skla. No to je \u00fapln\u00e1 katastrofa a hrozn\u00e1 p\u0159edstava. Tak jsem p\u0159\u00edteli \u0159ekla v\u0161echny m\u00ednusy toho, kdyby to bylo ze skla. A na konec musel p\u0159\u00edtel uznat, \u017ee bude schodi\u0161t\u011b nejlep\u0161\u00ed v d\u0159ev\u011bn\u00e9 variant\u011b. Taky jsme se shodli na tom, \u017ee d\u0159ev\u011bn\u00e9 schodi\u0161t\u011b budeme m\u00edt v tmav\u00e9 barv\u011b. A u\u017e se opravdu nemohu do\u010dkat, a\u017e si s p\u0159\u00edtelem spln\u00edme n\u00e1\u0161 sen o bydlen\u00ed. A jak by se l\u00edbilo v\u00e1m bydlet? Proto\u017ee m\u011b zaj\u00edm\u00e1, jak to m\u00e1 ka\u017ed\u00fd jinak. N\u011bkdo prost\u011b m\u00e1 r\u00e1d bydlen\u00ed v byt\u011b. N\u011bkomu to vyhovuje, \u017ee nemus\u00ed po\u0159\u00e1d ukl\u00edzet nebo se start o v\u0161echno kolem domu. Je logick\u00e9, \u017ee o d\u016fm se \u010dlov\u011bk star\u00e1 vlastn\u011b nonstop, je tam v\u00edce http:\/\/www.orsay.com\/cs-cz\/elegantni-saty-bez-rukavku-49007098.html  pr\u00e1ce. Ale zase si tam mohu d\u00e1t v\u0161echno, co se mi l\u00edb\u00ed. A tak t\u0159eba se t\u011b\u0161\u00edm, a\u017e si budu dekorovat svoje p\u011bkn\u00e9 tmav\u00e9 d\u0159ev\u011bn\u00e9 schodi\u0161t\u011b Kmkdesign. A jak\u00e9 schodi\u0161t\u011b se l\u00edb\u00ed v\u00e1m?                                                                                                                                                                                                                                                                                                                                                                                                  "},{"@context":"https:\/\/schema.org\/","@type":"BreadcrumbList","itemListElement":[{"@type":"ListItem","position":1,"name":"D\u0159ev\u011bn\u00e9 schodi\u0161t\u011b","item":"https:\/\/www.lejhanec.cz\/drevene-schodiste\/#breadcrumbitem"}]}]