[{"@context":"https:\/\/schema.org\/","@type":"Article","@id":"https:\/\/www.lejhanec.cz\/facebook-to-v-nemecku-nema-lehke-zamerilo-se-na-nej-sdruzeni-pro-ochranu-prav-zakazniku\/#Article","mainEntityOfPage":"https:\/\/www.lejhanec.cz\/facebook-to-v-nemecku-nema-lehke-zamerilo-se-na-nej-sdruzeni-pro-ochranu-prav-zakazniku\/","headline":"Facebook to v N\u011bmecku nem\u00e1 lehk\u00e9, zam\u011b\u0159ilo se na n\u011bj sdru\u017een\u00ed pro ochranu pr\u00e1v z\u00e1kazn\u00edk\u016f","name":"Facebook to v N\u011bmecku nem\u00e1 lehk\u00e9, zam\u011b\u0159ilo se na n\u011bj sdru\u017een\u00ed pro ochranu pr\u00e1v z\u00e1kazn\u00edk\u016f","description":"N\u011bmeck\u00fd soud nakonec rozhodl tak, \u017ee (od druh\u00e9 poloviny ledna 2018) museli tv\u016frci Facebooku prov\u00e9st zm\u011bny ohledn\u011b zpracov\u00e1n\u00ed osobn\u00edch \u00fadaj\u016f. Pokud by se pak vyskytl v\u00a0t\u00e9to souvislosti n\u011bjak\u00fd z\u00e1va\u017en\u00fd nedostatek, provozovatel Facebooku by musel zaplatit za ka\u017ed\u00fd z\u00a0nich tu\u010dnou pokutu ve v\u00fd\u0161i v\u00edce ne\u017e 6 milion\u016f korun (250 tis\u00edc eur). Facebook mus\u00ed up\u0159esnit podm\u00ednky ohledn\u011b...<p class=\"more-link-wrap\"><a href=\"https:\/\/www.lejhanec.cz\/facebook-to-v-nemecku-nema-lehke-zamerilo-se-na-nej-sdruzeni-pro-ochranu-prav-zakazniku\/\" class=\"more-link\">P\u0159e\u010d\u00edst<span class=\"screen-reader-text\"> &ldquo;Facebook to v N\u011bmecku nem\u00e1 lehk\u00e9, zam\u011b\u0159ilo se na n\u011bj sdru\u017een\u00ed pro ochranu pr\u00e1v z\u00e1kazn\u00edk\u016f&rdquo;<\/span> &raquo;<\/a><\/p>","datePublished":"2023-05-17","dateModified":"2023-05-17","author":{"@type":"Person","@id":"https:\/\/www.lejhanec.cz\/author\/devene\/#Person","name":"devene","url":"https:\/\/www.lejhanec.cz\/author\/devene\/","identifier":1,"image":{"@type":"ImageObject","@id":"https:\/\/secure.gravatar.com\/avatar\/1a78ecc0e437eba31014e33ef1099b06183f235c76cc2a60652b6bba7126ee97?s=96&d=mm&r=g","url":"https:\/\/secure.gravatar.com\/avatar\/1a78ecc0e437eba31014e33ef1099b06183f235c76cc2a60652b6bba7126ee97?s=96&d=mm&r=g","height":96,"width":96}},"publisher":{"@type":"Organization","name":"lejhanec.cz","logo":{"@type":"ImageObject","@id":"\/logo.png","url":"\/logo.png","width":600,"height":60}},"image":{"@type":"ImageObject","@id":"https:\/\/www.lejhanec.cz\/wp-content\/uploads\/img_a310814_w1883_t1521794295.png","url":"https:\/\/www.lejhanec.cz\/wp-content\/uploads\/img_a310814_w1883_t1521794295.png","height":0,"width":0},"url":"https:\/\/www.lejhanec.cz\/facebook-to-v-nemecku-nema-lehke-zamerilo-se-na-nej-sdruzeni-pro-ochranu-prav-zakazniku\/","wordCount":421,"articleBody":"N\u011bmeck\u00fd soud nakonec rozhodl tak, \u017ee (od druh\u00e9 poloviny ledna 2018) museli tv\u016frci Facebooku prov\u00e9st zm\u011bny ohledn\u011b zpracov\u00e1n\u00ed osobn\u00edch \u00fadaj\u016f. Pokud by se pak vyskytl v\u00a0t\u00e9to souvislosti n\u011bjak\u00fd z\u00e1va\u017en\u00fd nedostatek, provozovatel Facebooku by musel zaplatit za ka\u017ed\u00fd z\u00a0nich tu\u010dnou pokutu ve v\u00fd\u0161i v\u00edce ne\u017e 6 milion\u016f korun (250 tis\u00edc eur).\tFacebook mus\u00ed up\u0159esnit podm\u00ednky ohledn\u011b osobn\u00edch \u00fadaj\u016fPo\u010d\u00e1tek roku 2018 je ve znamen\u00ed v\u00fdrazn\u00fdch zm\u011bn na poli pr\u00e1v z\u00e1kazn\u00edk\u016f v\u016f\u010di poskytovatel\u016fm produkt\u016f a slu\u017eeb, \u00fa\u0159ady se soust\u0159e\u010fuj\u00ed na manipulaci s\u00a0osobn\u00edmi \u00fadaji, kter\u00e9 \u0159ada spole\u010dnost\u00ed vyu\u017e\u00edv\u00e1 nap\u0159. k\u00a0up\u0159esn\u011bn\u00ed reklamn\u00ed propagace. Facebook nebyl v\u00fdjimkou a po \u0161et\u0159en\u00ed sdru\u017een\u00ed VZBV vy\u0161lo najevo, \u017ee je nutn\u00e9 upravit nastaven\u00ed profilu p\u0159i registraci. Z\u00e1kazn\u00edk potvrzuje toti\u017e sv\u016fj souhlas s\u00a0n\u011b\u010d\u00edm, co nen\u00ed dostate\u010dn\u011b p\u0159esn\u011b definov\u00e1no, resp. jak bude s\u00a0jeho osobn\u00edmi \u00fadaji nakl\u00e1d\u00e1no. Jde v\u00a0podstat\u011b o dv\u011b v\u011bci: Za prv\u00e9 se to t\u00fdk\u00e1 GPS lok\u00e1toru, kter\u00fd monitoruje polohu z\u00e1kazn\u00edka v\u00a0pr\u016fb\u011bhu komunikace s\u00a0dal\u0161\u00edmi lidmi v\u00a0mobiln\u00ed aplikaci. A za druh\u00e9 m\u011bl soud v\u00fdhrady k\u00a0v\u00fdsledk\u016fm webov\u00fdch vyhled\u00e1va\u010d\u016f, jejich\u017e vyhodnocen\u00ed na p\u0159edn\u00edch pozic\u00edch nab\u00edz\u00ed velmi snadn\u00fd pr\u016fnik do osobn\u00edch dat v\u0161ech facebookov\u00fdch \u00fa\u010dt\u016f.\tV\u00a0N\u011bmecku vyu\u017e\u00edv\u00e1 Facebook zhruba t\u0159etina jeho obyvatelFacebook ji\u017e doznal jist\u00fdch zm\u011bn p\u0159ed dv\u011bma roky a nov\u00e9 zm\u011bny v\u00a0souvislosti s\u00a0touto kauzou p\u0159ich\u00e1z\u00ed postupn\u011b, i kdy\u017e se firma bude z\u0159ejm\u011b proti rozhodnut\u00ed soudu odvol\u00e1vat. Nutno podotknout, \u017ee v\u0161ak rozsudek soudu nen\u00ed pro Facebook v\u00a0z\u00e1sad\u011b nep\u0159\u00edzniv\u00fd, n\u011bkter\u00e9 body se p\u0159ece jen jeho majiteli zdaj\u00ed nespravedliv\u011b posouzen\u00e9. Nap\u0159\u00edklad je pr\u00fd nepravdiv\u00e9 prohl\u00e1\u0161en\u00ed, \u017ee je Facebook produktem, kter\u00fd je zdarma, a \u017ee tomu tak bude st\u00e1le.N\u011bmecko je p\u0159itom pro firmu spravuj\u00edc\u00ed Facebook d\u016fle\u017eit\u00fdm prostorem, jeho slu\u017eeb tu vyu\u017e\u00edv\u00e1 zhruba t\u0159icet milion\u016f lid\u00ed, co\u017e je v\u00edce ne\u017e t\u0159etina v\u0161ech obyvatel zem\u011b ( \u017eije tu cirka 83 milion\u016f lid\u00ed). V\u00a0N\u011bmecku si na aktivity provozovatel\u016f Facebooku posv\u00edtil i Bundeskartellant (\u00fa\u0159ad zam\u011b\u0159en\u00fd na antimonopoln\u00ed politiku), tomu se nel\u00edb\u00ed, jak Facebook vyhodnocuje pohyb sv\u00fdch klient\u016f na webov\u00e9m prostoru.                                                                                                                                                                                                                                                                                                                                                                                                "},{"@context":"https:\/\/schema.org\/","@type":"BreadcrumbList","itemListElement":[{"@type":"ListItem","position":1,"name":"Facebook to v N\u011bmecku nem\u00e1 lehk\u00e9, zam\u011b\u0159ilo se na n\u011bj sdru\u017een\u00ed pro ochranu pr\u00e1v z\u00e1kazn\u00edk\u016f","item":"https:\/\/www.lejhanec.cz\/facebook-to-v-nemecku-nema-lehke-zamerilo-se-na-nej-sdruzeni-pro-ochranu-prav-zakazniku\/#breadcrumbitem"}]}]