[{"@context":"https:\/\/schema.org\/","@type":"Article","@id":"https:\/\/www.lejhanec.cz\/krasne-a-predevsim-dostupne-bydleni\/#Article","mainEntityOfPage":"https:\/\/www.lejhanec.cz\/krasne-a-predevsim-dostupne-bydleni\/","headline":"Kr\u00e1sn\u00e9 a p\u0159edev\u0161\u00edm dostupn\u00e9 bydlen\u00ed","name":"Kr\u00e1sn\u00e9 a p\u0159edev\u0161\u00edm dostupn\u00e9 bydlen\u00ed","description":"\u017d\u00edt v centru Prahy nen\u00ed po v\u0161ech sm\u011brech zrovna v\u00fdhodn\u00e9. N\u011bkomu se nemus\u00ed l\u00edbit p\u0159edev\u0161\u00edm skute\u010dnost, \u017ee \u017eije uprost\u0159ed centra ve\u0161ker\u00e9ho d\u011bn\u00ed. \u010casto lid\u00e9, kte\u0159\u00ed v t\u011bchto oblastech \u017eij\u00ed, p\u0159em\u00fd\u0161lej\u00ed o tom, \u017ee by se p\u0159est\u011bhovali do jin\u00e9 lokality, kter\u00e1 by nab\u00edzela stejn\u00e9 v\u00fdhody, jako centrum, ale p\u0159esto byla o n\u011bco klidn\u011bj\u0161\u00ed. P\u0159\u00edkladem toho je...<p class=\"more-link-wrap\"><a href=\"https:\/\/www.lejhanec.cz\/krasne-a-predevsim-dostupne-bydleni\/\" class=\"more-link\">P\u0159e\u010d\u00edst<span class=\"screen-reader-text\"> &ldquo;Kr\u00e1sn\u00e9 a p\u0159edev\u0161\u00edm dostupn\u00e9 bydlen\u00ed&rdquo;<\/span> &raquo;<\/a><\/p>","datePublished":"2023-09-20","dateModified":"2023-09-20","author":{"@type":"Person","@id":"https:\/\/www.lejhanec.cz\/author\/devene\/#Person","name":"devene","url":"https:\/\/www.lejhanec.cz\/author\/devene\/","identifier":1,"image":{"@type":"ImageObject","@id":"https:\/\/secure.gravatar.com\/avatar\/1a78ecc0e437eba31014e33ef1099b06183f235c76cc2a60652b6bba7126ee97?s=96&d=mm&r=g","url":"https:\/\/secure.gravatar.com\/avatar\/1a78ecc0e437eba31014e33ef1099b06183f235c76cc2a60652b6bba7126ee97?s=96&d=mm&r=g","height":96,"width":96}},"publisher":{"@type":"Organization","name":"lejhanec.cz","logo":{"@type":"ImageObject","@id":"\/logo.png","url":"\/logo.png","width":600,"height":60}},"url":"https:\/\/www.lejhanec.cz\/krasne-a-predevsim-dostupne-bydleni\/","wordCount":254,"articleBody":"\u017d\u00edt v centru Prahy nen\u00ed po v\u0161ech sm\u011brech zrovna v\u00fdhodn\u00e9. N\u011bkomu se nemus\u00ed l\u00edbit p\u0159edev\u0161\u00edm skute\u010dnost, \u017ee \u017eije uprost\u0159ed centra ve\u0161ker\u00e9ho d\u011bn\u00ed. \u010casto lid\u00e9, kte\u0159\u00ed v t\u011bchto oblastech \u017eij\u00ed, p\u0159em\u00fd\u0161lej\u00ed o tom, \u017ee by se p\u0159est\u011bhovali do jin\u00e9 lokality, kter\u00e1 by nab\u00edzela stejn\u00e9 v\u00fdhody, jako centrum, ale p\u0159esto byla o n\u011bco klidn\u011bj\u0161\u00ed. P\u0159\u00edkladem toho je v\u00fdchod sm\u011brem od hlavn\u00edho m\u011bsta, kde se v sou\u010dasn\u00e9 dob\u011b stav\u00ed mnoho nov\u00fdch jednotek, do kter\u00fdch se m\u016f\u017eete nast\u011bhovat. Byty Praha v\u00fdchod jsou tedy b\u00e1je\u010dnou mo\u017enost\u00ed, jak za\u010d\u00edt \u017e\u00edt n\u011bkde jinde.Skv\u011bl\u00e1 mo\u017enost naprosto pro v\u0161echnyTuto mo\u017enost v\u0161ak mohou vyu\u017e\u00edt i ti, kte\u0159\u00ed v hlavn\u00edm m\u011bst\u011b nikdy ne\u017eili, a to ani v jeho okol\u00ed. Pokud jste tedy z Moravy a p\u0159em\u00fd\u0161leli jste o mo\u017enosti, \u017ee by bylo velmi v\u00fdhodn\u00e9 \u017e\u00edt pr\u00e1v\u011b v t\u011bchto m\u00edstech, mo\u017en\u00e1 pr\u00e1v\u011b pro v\u00e1s je tato v\u00fdstavba tou nejlep\u0161\u00ed volbou. Vyberte si i vy z mnoha nejr\u016fzn\u011bj\u0161\u00edch dispozic, kter\u00e9 jsou v sou\u010dasn\u00e9 dob\u011b k m\u00e1n\u00ed, a uvid\u00edte, \u017ee se v\u00e1m bude v t\u011bchto m\u00edstech \u017e\u00edt velmi pohodln\u011b a klidn\u011b. Nebude v\u00e1s obt\u011b\u017eovat okoln\u00ed d\u011bn\u00ed, ale i p\u0159esto budete m\u00edt v\u0161e nadosah.                                                                                                                                                                                                                                                                                                                                                                                                "},{"@context":"https:\/\/schema.org\/","@type":"BreadcrumbList","itemListElement":[{"@type":"ListItem","position":1,"name":"Kr\u00e1sn\u00e9 a p\u0159edev\u0161\u00edm dostupn\u00e9 bydlen\u00ed","item":"https:\/\/www.lejhanec.cz\/krasne-a-predevsim-dostupne-bydleni\/#breadcrumbitem"}]}]