[{"@context":"https:\/\/schema.org\/","@type":"Article","@id":"https:\/\/www.lejhanec.cz\/letni-prestavba-pokoje-a-jak-na-ni\/#Article","mainEntityOfPage":"https:\/\/www.lejhanec.cz\/letni-prestavba-pokoje-a-jak-na-ni\/","headline":"Letn\u00ed (p\u0159e)stavba pokoje a jak na ni","name":"Letn\u00ed (p\u0159e)stavba pokoje a jak na ni","description":"V\u011bt\u0161ina lid\u00ed, pokud uva\u017euje nad p\u0159estavbou pop\u0159\u00edpad\u011b v\u00fdmalbou pokoje\/pokoj\u016f, sm\u011b\u0159uje tuto \u010dinnost na l\u00e9to. To toti\u017e nevad\u00ed, kdy\u017e nech\u00e1te dve\u0159e del\u0161\u00ed dobu otev\u0159en\u00e9 a barva l\u00e9pe zasych\u00e1. Kde a po \u010dem se tedy v sez\u00f3n\u011b p\u0159estaveb poohl\u00e9dnout?Barevn\u00e1 paleta&#13; V sou\u010dasn\u00e9 dob\u011b je v\u00e9vod\u00edc\u00edm trendem kombinace \u010derno-b\u00edl\u00e9, kter\u00e1 m\u00e1 evokovat luxusn\u00ed a \u010dist\u00fd vzhled. Pokud ale...<p class=\"more-link-wrap\"><a href=\"https:\/\/www.lejhanec.cz\/letni-prestavba-pokoje-a-jak-na-ni\/\" class=\"more-link\">P\u0159e\u010d\u00edst<span class=\"screen-reader-text\"> &ldquo;Letn\u00ed (p\u0159e)stavba pokoje a jak na ni&rdquo;<\/span> &raquo;<\/a><\/p>","datePublished":"2018-06-19","dateModified":"2023-05-17","author":{"@type":"Person","@id":"https:\/\/www.lejhanec.cz\/author\/devene\/#Person","name":"devene","url":"https:\/\/www.lejhanec.cz\/author\/devene\/","identifier":1,"image":{"@type":"ImageObject","@id":"https:\/\/secure.gravatar.com\/avatar\/1a78ecc0e437eba31014e33ef1099b06183f235c76cc2a60652b6bba7126ee97?s=96&d=mm&r=g","url":"https:\/\/secure.gravatar.com\/avatar\/1a78ecc0e437eba31014e33ef1099b06183f235c76cc2a60652b6bba7126ee97?s=96&d=mm&r=g","height":96,"width":96}},"publisher":{"@type":"Organization","name":"lejhanec.cz","logo":{"@type":"ImageObject","@id":"\/logo.png","url":"\/logo.png","width":600,"height":60}},"image":{"@type":"ImageObject","@id":"https:\/\/www.lejhanec.cz\/wp-content\/uploads\/img_a321087_w2344_t1532255192.jpg","url":"https:\/\/www.lejhanec.cz\/wp-content\/uploads\/img_a321087_w2344_t1532255192.jpg","height":0,"width":0},"url":"https:\/\/www.lejhanec.cz\/letni-prestavba-pokoje-a-jak-na-ni\/","wordCount":491,"articleBody":"V\u011bt\u0161ina lid\u00ed, pokud uva\u017euje nad p\u0159estavbou pop\u0159\u00edpad\u011b v\u00fdmalbou pokoje\/pokoj\u016f, sm\u011b\u0159uje tuto \u010dinnost na l\u00e9to. To toti\u017e nevad\u00ed, kdy\u017e nech\u00e1te dve\u0159e del\u0161\u00ed dobu otev\u0159en\u00e9 a barva l\u00e9pe zasych\u00e1. Kde a po \u010dem se tedy v sez\u00f3n\u011b p\u0159estaveb poohl\u00e9dnout?Barevn\u00e1 paleta&#13; V sou\u010dasn\u00e9 dob\u011b je v\u00e9vod\u00edc\u00edm trendem kombinace \u010derno-b\u00edl\u00e9, kter\u00e1 m\u00e1 evokovat luxusn\u00ed a \u010dist\u00fd vzhled. Pokud ale nejste fanou\u0161kem pouze \u010derno-b\u00edl\u00e9ho stylu, m\u016f\u017eete vsadit na dal\u0161\u00ed osv\u011bd\u010den\u00fd trend. T\u00edm je prvek \u201erozbit\u00ed\u201c jednotv\u00e1rnosti \u2013 tedy do \u010dist\u011b b\u00edlo-\u010dern\u00e9ho designu vsadit naprosto odli\u0161n\u00fd prvek \u2013 syt\u011b \u010dervenou sedac\u00ed soupravu, abstraktn\u00ed obraz p\u0159es polovinu zdi, orient\u00e1ln\u00ed koberec\u2026 Vynal\u00e9zavosti se meze nekladou. Pokud se V\u00e1m ani takov\u00fd vzhled nezamlouv\u00e1 a neodpov\u00edd\u00e1 Va\u0161\u00edm p\u0159edstav\u00e1m \u00fatuln\u00e9ho pokoje, je mo\u017eno vsadit na (v posledn\u00ed dob\u011b) tak\u00e9 \u010dasto vyu\u017e\u00edvanou barevnou kombinaci b\u00edl\u00e9 s jinou k\u0159iklavou barvou \u2013 pampeli\u0161kov\u011b \u017elutou, pomeran\u010dov\u011b oran\u017eovou, br\u010d\u00e1lov\u011b zelenou\u2026 Sta\u010d\u00ed si jen vybrat!N\u00e1bytek&#13; P\u0159i v\u00fdb\u011bru n\u00e1bytku je pot\u0159eba po ur\u010den\u00ed jeho barevn\u00e9ho odst\u00ednu zv\u00e1\u017eit velikost, cenu a pohodl\u00ed. Pokud to prostory dovoluj\u00ed, pad\u00e1 v\u00fdb\u011br v\u011bt\u0161inou na \u0161ir\u0161\u00ed postele a dlouh\u00e9 \u010di rohov\u00e9 sedac\u00ed soupravy, kter\u00e9 slibuj\u00ed v\u011bt\u0161\u00ed m\u00edru pohodl\u00ed. Jejich design se nej\u010dast\u011bji pohybuje v nejnov\u011bj\u0161\u00edm modern\u00edm stylu a jeho protikladu \u2013 tedy staro\u017eitn\u011b vypadaj\u00edc\u00ed kusy, jejich\u017e p\u0159\u00edtomnost jistou m\u011brou ozvl\u00e1\u0161tn\u00ed vzhled pokoje v jeho celku. Ka\u017ed\u00fd kus n\u00e1bytku jde p\u0159itom sehnat v r\u016fzn\u00fdch cenov\u00fdch relac\u00edch, barevn\u00fdch variac\u00edch i rozli\u010dn\u00fdch tvarech.Dopl\u0148ky&#13; Co se t\u00fd\u010de dopl\u0148k\u016f, uk\u00e1zalo se, \u017ee spoustu lid\u00ed vs\u00e1z\u00ed (podobn\u011b jako u postel\u00ed nebo pohovek) na velikost a v\u00fdraznost. Obrazy si m\u016f\u017eete koupit nejen zav\u011b\u0161ovac\u00ed ale tak\u00e9 op\u00edraj\u00edc\u00ed se o ze\u010f, kde sahaj\u00ed t\u00e9m\u011b\u0159 ke stropu, lustry a sv\u011btla V\u00e1m mohou ve spir\u00e1l\u00e1ch obt\u00e1\u010det strop, daj\u00ed se koupit samolepky se vzory na st\u011bny, dve\u0159e i n\u00e1bytek, p\u00edsmena, ze kter\u00fdch m\u016f\u017eete vytvo\u0159it nep\u0159ehl\u00e9dnuteln\u00fd n\u00e1pis. To v\u0161e je k m\u00e1n\u00ed a nen\u00ed v\u00fdjimkou v dne\u0161n\u00edch interi\u00e9rech. Ale ani uhlazen\u00fd jemn\u00fd styl nevy\u0161el (a jen tak nevyjde) z m\u00f3dy, a proto m\u016f\u017eete vnit\u0159ek m\u00edstnosti dozdobit drobnou so\u0161kou, zar\u00e1movanou fotografi\u00ed, kytkou v kv\u011btin\u00e1\u010di i sv\u00ed\u010dkami.&#13; Pokud se na n\u00e1vrh cel\u00e9ho pokoje nebo cel\u00e9ho bytu\/domu nec\u00edt\u00edte sami, m\u016f\u017eete vyu\u017e\u00edt rady a pomoci zku\u0161en\u00fdch designer\u016f. Ti V\u00e1m pomohou od z\u00e1kladn\u00edch ot\u00e1zek po dod\u011bl\u00e1n\u00ed nejmen\u0161\u00edch detail\u016f.                                                                                                                                                                                                                                                                                                                                                                                                "},{"@context":"https:\/\/schema.org\/","@type":"BreadcrumbList","itemListElement":[{"@type":"ListItem","position":1,"name":"Letn\u00ed (p\u0159e)stavba pokoje a jak na ni","item":"https:\/\/www.lejhanec.cz\/letni-prestavba-pokoje-a-jak-na-ni\/#breadcrumbitem"}]}]