[{"@context":"https:\/\/schema.org\/","@type":"Article","@id":"https:\/\/www.lejhanec.cz\/mame-dve-deti\/#Article","mainEntityOfPage":"https:\/\/www.lejhanec.cz\/mame-dve-deti\/","headline":"M\u00e1me dv\u011b d\u011bti","name":"M\u00e1me dv\u011b d\u011bti","description":"Kdy\u017e jsem kone\u010dn\u011b \u010dekala sv\u00e9 prvn\u00ed d\u00edt\u011b, o kter\u00e9 jsme se s p\u0159\u00edtelem sna\u017eili t\u0159i a p\u016fl roku, tak jsem byla opravdu \u0161t\u011bst\u00edm bez sebe. V\u016fbec jsem tomu nemohla uv\u011b\u0159it, \u017ee jsem kone\u010dn\u011b t\u011bhotn\u00e1. Taky se v\u00e1m mus\u00edm p\u0159iznat s t\u00edm, co jsem ani p\u0159\u00edteli ne\u0159ekla. J\u00e1 jsem se toti\u017e \u0159\u00edkala, \u017ee pokud do p\u016fl...<p class=\"more-link-wrap\"><a href=\"https:\/\/www.lejhanec.cz\/mame-dve-deti\/\" class=\"more-link\">P\u0159e\u010d\u00edst<span class=\"screen-reader-text\"> &ldquo;M\u00e1me dv\u011b d\u011bti&rdquo;<\/span> &raquo;<\/a><\/p>","datePublished":"2023-02-15","dateModified":"2023-02-15","author":{"@type":"Person","@id":"https:\/\/www.lejhanec.cz\/author\/devene\/#Person","name":"devene","url":"https:\/\/www.lejhanec.cz\/author\/devene\/","identifier":1,"image":{"@type":"ImageObject","@id":"https:\/\/secure.gravatar.com\/avatar\/1a78ecc0e437eba31014e33ef1099b06183f235c76cc2a60652b6bba7126ee97?s=96&d=mm&r=g","url":"https:\/\/secure.gravatar.com\/avatar\/1a78ecc0e437eba31014e33ef1099b06183f235c76cc2a60652b6bba7126ee97?s=96&d=mm&r=g","height":96,"width":96}},"publisher":{"@type":"Organization","name":"lejhanec.cz","logo":{"@type":"ImageObject","@id":"\/logo.png","url":"\/logo.png","width":600,"height":60}},"image":{"@type":"ImageObject","@id":"https:\/\/www.lejhanec.cz\/wp-content\/uploads\/swing-1218654_960_720.jpg","url":"https:\/\/www.lejhanec.cz\/wp-content\/uploads\/swing-1218654_960_720.jpg","height":0,"width":0},"url":"https:\/\/www.lejhanec.cz\/mame-dve-deti\/","about":["Hobby"],"wordCount":470,"articleBody":"      Kdy\u017e jsem kone\u010dn\u011b \u010dekala sv\u00e9 prvn\u00ed d\u00edt\u011b, o kter\u00e9 jsme se s p\u0159\u00edtelem sna\u017eili t\u0159i a p\u016fl roku, tak jsem byla opravdu \u0161t\u011bst\u00edm bez sebe. V\u016fbec jsem tomu nemohla uv\u011b\u0159it, \u017ee jsem kone\u010dn\u011b t\u011bhotn\u00e1. Taky se v\u00e1m mus\u00edm p\u0159iznat s t\u00edm, co jsem ani p\u0159\u00edteli ne\u0159ekla. J\u00e1 jsem se toti\u017e \u0159\u00edkala, \u017ee pokud do p\u016fl roku neot\u011bhotn\u00edm, \u017ee se s p\u0159\u00edtelem rozejdu, proto\u017ee to opravdu nem\u00e1 smysl. Proto\u017ee nav\u00edc i m\u016fj p\u0159\u00edtel byl z toho velice ne\u0161\u0165astn\u00fd, \u017ee nemohu ot\u011bhotn\u011bt, zat\u00edmco j\u00e1 jsem skoro denn\u011b plakala do pol\u0161t\u00e1\u0159e, kdy\u017e m\u016fj p\u0159\u00edtel spal. Tak\u017ee jsem si \u0159ekla, \u017ee by bylo pro oba dva z n\u00e1s nejlep\u0161\u00ed, kdybychom se roze\u0161li a u\u017e se nestarali o to, jestli ot\u011bhotn\u00edm anebo ne.Jenom\u017ee jsem ot\u011bhotn\u011bla asi t\u0159i m\u011bs\u00edce po tom, co jsem si to vymyslela. Byla jsem opravdu v sedm\u00e9m nebi. A m\u016fj p\u0159\u00edtel samoz\u0159ejm\u011b tak\u00e9. Ani jsme nev\u011bd\u011bli, co budeme d\u011blat, a\u017e se n\u00e1m d\u00edt\u011b narod\u00ed. Oba dva jsme si mysleli, \u017ee nem\u00e1me v osudu to, \u017ee bychom byli rodi\u010di. A opravdu jsme byli velice p\u0159ekvapen\u00ed, kdy\u017e se n\u00e1m dev\u011bt m\u011bs\u00edc\u016f potom narodil opravdu kr\u00e1sn\u00fd syn. M\u016fj p\u0159\u00edtel cht\u011bl pro syna opravdu to nejlep\u0161\u00ed, tak\u017ee ihned za\u010dal budovat h\u0159i\u0161t\u011b, i kdy\u017e syn nebyl je\u0161t\u011b malink\u00fd. A p\u0159\u00edtele cht\u011bl houpa\u010dku pro dv\u011b d\u011bti, proto\u017ee pl\u00e1noval, \u017ee je\u0161t\u011b budeme m\u00edt druh\u00e9 d\u00edt\u011b. A sv\u011bte div se, ale asi t\u0159i roky po sv\u00e9m prvn\u00edm d\u00edt\u011bti jsem ot\u011bhotn\u011bla podruh\u00e9. Byla jsem opravdu \u0161\u0165astn\u00e1 a v\u016fbec jsem tomu nemohla v\u011b\u0159it, \u017ee b\u011bhem \u010dty\u0159 let budeme m\u00edt dv\u011b d\u011bti, ani\u017e jsem p\u0159edt\u00edm skoro nemohla v\u016fbec ot\u011bhotn\u011bt. Tak\u017ee nyn\u00ed u\u017e m\u00e1me na zahrad\u011b houpa\u010dku pro dv\u011b d\u011bti Detskahriste.cz a k tomu opravdu kr\u00e1sn\u00fd d\u011btsk\u00fd dome\u010dek a prol\u00e9za\u010dky a tak\u00e9 dv\u011b klouza\u010dky. J\u00e1 jsem opravdu nad\u0161en\u00e1, \u017ee m\u016fj syn bude m\u00edt mal\u00e9ho bratra. \u0158ekla jsem si, \u017ee tohle je ur\u010dit\u011b osud, kdy\u017e m\u00e1m dv\u011b mal\u00e9 d\u011bti. A je opravdu takov\u00e9 \u0161t\u011bst\u00ed, kter\u00e9 jsem si v\u017edycky p\u0159\u00e1la. Nakonec to mo\u017en\u00e1 je\u0161t\u011b dopadne tak, \u017ee budeme m\u00edt je\u0161t\u011b dceru. Proto\u017ee si \u0159\u00edk\u00e1m, \u017ee do t\u0159etice dobr\u00e9ho. Uvid\u00edme, co v\u0161echno osud n\u00e1m p\u0159inese.                                                                                                                                                                                                                                                                                                                                                                                                   "},{"@context":"https:\/\/schema.org\/","@type":"BreadcrumbList","itemListElement":[{"@type":"ListItem","position":1,"name":"M\u00e1me dv\u011b d\u011bti","item":"https:\/\/www.lejhanec.cz\/mame-dve-deti\/#breadcrumbitem"}]}]