[{"@context":"https:\/\/schema.org\/","@type":"Blog","@id":"https:\/\/www.lejhanec.cz#Blog","headline":"Lejhanec","description":"\nCht\u011bli byste poznat n\u011bkoho, kdo by v\u00e1m nenastavoval pok\u0159iven\u00e9 zrcadlo? Kdo by v\u00e1m ani ne\u0161kodil, ani v\u00e1m nepochleboval? Pak jste na na\u0161em webu spr\u00e1vn\u011b.","url":"https:\/\/www.lejhanec.cz","hasPart":[{"@type":"Article","@id":"https:\/\/www.lejhanec.cz\/revize-elektroinstalace-v-rodinnem-penzionu\/","headline":"Revize elektroinstalace v rodinn\u00e9m penzionu","url":"https:\/\/www.lejhanec.cz\/revize-elektroinstalace-v-rodinnem-penzionu\/","datePublished":"2025-04-09","dateModified":"2025-04-09","mainEntityOfPage":"https:\/\/www.lejhanec.cz\/revize-elektroinstalace-v-rodinnem-penzionu\/","author":{"@type":"Person","@id":"https:\/\/www.lejhanec.cz\/author\/devene\/#Person","name":"devene","url":"https:\/\/www.lejhanec.cz\/author\/devene\/","identifier":1,"image":{"@type":"ImageObject","@id":"https:\/\/secure.gravatar.com\/avatar\/1a78ecc0e437eba31014e33ef1099b06183f235c76cc2a60652b6bba7126ee97?s=96&d=mm&r=g","url":"https:\/\/secure.gravatar.com\/avatar\/1a78ecc0e437eba31014e33ef1099b06183f235c76cc2a60652b6bba7126ee97?s=96&d=mm&r=g","height":96,"width":96}},"publisher":{"@type":"Organization","name":"lejhanec.cz","logo":{"@type":"ImageObject","@id":"\/logo.png","url":"\/logo.png","width":600,"height":60}},"image":{"@type":"ImageObject","@id":"https:\/\/www.lejhanec.cz\/wp-content\/uploads\/distributor-1981649_640_6.jpg","url":"https:\/\/www.lejhanec.cz\/wp-content\/uploads\/distributor-1981649_640_6.jpg","height":0,"width":0},"wordCount":597,"keywords":null},{"@type":"Article","@id":"https:\/\/www.lejhanec.cz\/investice-do-elektroinstalacnich-prvku-ma-smysl\/","headline":"Investice do elektroinstala\u010dn\u00edch prvk\u016f m\u00e1 smysl","url":"https:\/\/www.lejhanec.cz\/investice-do-elektroinstalacnich-prvku-ma-smysl\/","datePublished":"2025-04-03","dateModified":"2025-04-03","mainEntityOfPage":"https:\/\/www.lejhanec.cz\/investice-do-elektroinstalacnich-prvku-ma-smysl\/","author":{"@type":"Person","@id":"https:\/\/www.lejhanec.cz\/author\/devene\/#Person","name":"devene","url":"https:\/\/www.lejhanec.cz\/author\/devene\/","identifier":1,"image":{"@type":"ImageObject","@id":"https:\/\/secure.gravatar.com\/avatar\/1a78ecc0e437eba31014e33ef1099b06183f235c76cc2a60652b6bba7126ee97?s=96&d=mm&r=g","url":"https:\/\/secure.gravatar.com\/avatar\/1a78ecc0e437eba31014e33ef1099b06183f235c76cc2a60652b6bba7126ee97?s=96&d=mm&r=g","height":96,"width":96}},"publisher":{"@type":"Organization","name":"lejhanec.cz","logo":{"@type":"ImageObject","@id":"\/logo.png","url":"\/logo.png","width":600,"height":60}},"image":null,"wordCount":286,"keywords":null},{"@type":"Article","@id":"https:\/\/www.lejhanec.cz\/zmrzlina-zdrave-hreseni\/","headline":"Zmrzlina \u2013 zdrav\u00e9 h\u0159e\u0161en\u00ed","url":"https:\/\/www.lejhanec.cz\/zmrzlina-zdrave-hreseni\/","datePublished":"2025-03-26","dateModified":"2025-03-26","mainEntityOfPage":"https:\/\/www.lejhanec.cz\/zmrzlina-zdrave-hreseni\/","author":{"@type":"Person","@id":"https:\/\/www.lejhanec.cz\/author\/devene\/#Person","name":"devene","url":"https:\/\/www.lejhanec.cz\/author\/devene\/","identifier":1,"image":{"@type":"ImageObject","@id":"https:\/\/secure.gravatar.com\/avatar\/1a78ecc0e437eba31014e33ef1099b06183f235c76cc2a60652b6bba7126ee97?s=96&d=mm&r=g","url":"https:\/\/secure.gravatar.com\/avatar\/1a78ecc0e437eba31014e33ef1099b06183f235c76cc2a60652b6bba7126ee97?s=96&d=mm&r=g","height":96,"width":96}},"publisher":{"@type":"Organization","name":"lejhanec.cz","logo":{"@type":"ImageObject","@id":"\/logo.png","url":"\/logo.png","width":600,"height":60}},"image":null,"wordCount":254,"keywords":null},{"@type":"Article","@id":"https:\/\/www.lejhanec.cz\/jak-zateplit-strop-v-byte-v-poslednim-patre-v-panelaku\/","headline":"Jak zateplit strop v byt\u011b v posledn\u00edm pat\u0159e v panel\u00e1ku","url":"https:\/\/www.lejhanec.cz\/jak-zateplit-strop-v-byte-v-poslednim-patre-v-panelaku\/","datePublished":"2025-03-24","dateModified":"2025-03-24","mainEntityOfPage":"https:\/\/www.lejhanec.cz\/jak-zateplit-strop-v-byte-v-poslednim-patre-v-panelaku\/","author":{"@type":"Person","@id":"https:\/\/www.lejhanec.cz\/author\/devene\/#Person","name":"devene","url":"https:\/\/www.lejhanec.cz\/author\/devene\/","identifier":1,"image":{"@type":"ImageObject","@id":"https:\/\/secure.gravatar.com\/avatar\/1a78ecc0e437eba31014e33ef1099b06183f235c76cc2a60652b6bba7126ee97?s=96&d=mm&r=g","url":"https:\/\/secure.gravatar.com\/avatar\/1a78ecc0e437eba31014e33ef1099b06183f235c76cc2a60652b6bba7126ee97?s=96&d=mm&r=g","height":96,"width":96}},"publisher":{"@type":"Organization","name":"lejhanec.cz","logo":{"@type":"ImageObject","@id":"\/logo.png","url":"\/logo.png","width":600,"height":60}},"image":{"@type":"ImageObject","@id":"https:\/\/www.lejhanec.cz\/wp-content\/uploads\/scaffolding-4577634_640_2.jpg","url":"https:\/\/www.lejhanec.cz\/wp-content\/uploads\/scaffolding-4577634_640_2.jpg","height":0,"width":0},"wordCount":645,"keywords":null},{"@type":"Article","@id":"https:\/\/www.lejhanec.cz\/v-cem-tkvi-kouzlo-nasi-kolekce\/","headline":"V \u010dem tkv\u00ed kouzlo na\u0161\u00ed kolekce?","url":"https:\/\/www.lejhanec.cz\/v-cem-tkvi-kouzlo-nasi-kolekce\/","datePublished":"2025-03-17","dateModified":"2025-03-17","mainEntityOfPage":"https:\/\/www.lejhanec.cz\/v-cem-tkvi-kouzlo-nasi-kolekce\/","author":{"@type":"Person","@id":"https:\/\/www.lejhanec.cz\/author\/devene\/#Person","name":"devene","url":"https:\/\/www.lejhanec.cz\/author\/devene\/","identifier":1,"image":{"@type":"ImageObject","@id":"https:\/\/secure.gravatar.com\/avatar\/1a78ecc0e437eba31014e33ef1099b06183f235c76cc2a60652b6bba7126ee97?s=96&d=mm&r=g","url":"https:\/\/secure.gravatar.com\/avatar\/1a78ecc0e437eba31014e33ef1099b06183f235c76cc2a60652b6bba7126ee97?s=96&d=mm&r=g","height":96,"width":96}},"publisher":{"@type":"Organization","name":"lejhanec.cz","logo":{"@type":"ImageObject","@id":"\/logo.png","url":"\/logo.png","width":600,"height":60}},"image":null,"wordCount":216,"keywords":null},{"@type":"Article","@id":"https:\/\/www.lejhanec.cz\/dbame-na-detske-potreby\/","headline":"Db\u00e1me na d\u011btsk\u00e9 pot\u0159eby","url":"https:\/\/www.lejhanec.cz\/dbame-na-detske-potreby\/","datePublished":"2025-03-09","dateModified":"2025-03-09","mainEntityOfPage":"https:\/\/www.lejhanec.cz\/dbame-na-detske-potreby\/","author":{"@type":"Person","@id":"https:\/\/www.lejhanec.cz\/author\/devene\/#Person","name":"devene","url":"https:\/\/www.lejhanec.cz\/author\/devene\/","identifier":1,"image":{"@type":"ImageObject","@id":"https:\/\/secure.gravatar.com\/avatar\/1a78ecc0e437eba31014e33ef1099b06183f235c76cc2a60652b6bba7126ee97?s=96&d=mm&r=g","url":"https:\/\/secure.gravatar.com\/avatar\/1a78ecc0e437eba31014e33ef1099b06183f235c76cc2a60652b6bba7126ee97?s=96&d=mm&r=g","height":96,"width":96}},"publisher":{"@type":"Organization","name":"lejhanec.cz","logo":{"@type":"ImageObject","@id":"\/logo.png","url":"\/logo.png","width":600,"height":60}},"image":null,"wordCount":221,"keywords":null},{"@type":"Article","@id":"https:\/\/www.lejhanec.cz\/vymahani-pohledavek\/","headline":"Vym\u00e1h\u00e1n\u00ed pohled\u00e1vek","url":"https:\/\/www.lejhanec.cz\/vymahani-pohledavek\/","datePublished":"2025-02-24","dateModified":"2025-02-24","mainEntityOfPage":"https:\/\/www.lejhanec.cz\/vymahani-pohledavek\/","author":{"@type":"Person","@id":"https:\/\/www.lejhanec.cz\/author\/devene\/#Person","name":"devene","url":"https:\/\/www.lejhanec.cz\/author\/devene\/","identifier":1,"image":{"@type":"ImageObject","@id":"https:\/\/secure.gravatar.com\/avatar\/1a78ecc0e437eba31014e33ef1099b06183f235c76cc2a60652b6bba7126ee97?s=96&d=mm&r=g","url":"https:\/\/secure.gravatar.com\/avatar\/1a78ecc0e437eba31014e33ef1099b06183f235c76cc2a60652b6bba7126ee97?s=96&d=mm&r=g","height":96,"width":96}},"publisher":{"@type":"Organization","name":"lejhanec.cz","logo":{"@type":"ImageObject","@id":"\/logo.png","url":"\/logo.png","width":600,"height":60}},"image":null,"wordCount":224,"keywords":null},{"@type":"Article","@id":"https:\/\/www.lejhanec.cz\/radoby-originalni-napady\/","headline":"R\u00e1doby origin\u00e1ln\u00ed n\u00e1pady","url":"https:\/\/www.lejhanec.cz\/radoby-originalni-napady\/","datePublished":"2025-02-17","dateModified":"2025-02-17","mainEntityOfPage":"https:\/\/www.lejhanec.cz\/radoby-originalni-napady\/","author":{"@type":"Person","@id":"https:\/\/www.lejhanec.cz\/author\/devene\/#Person","name":"devene","url":"https:\/\/www.lejhanec.cz\/author\/devene\/","identifier":1,"image":{"@type":"ImageObject","@id":"https:\/\/secure.gravatar.com\/avatar\/1a78ecc0e437eba31014e33ef1099b06183f235c76cc2a60652b6bba7126ee97?s=96&d=mm&r=g","url":"https:\/\/secure.gravatar.com\/avatar\/1a78ecc0e437eba31014e33ef1099b06183f235c76cc2a60652b6bba7126ee97?s=96&d=mm&r=g","height":96,"width":96}},"publisher":{"@type":"Organization","name":"lejhanec.cz","logo":{"@type":"ImageObject","@id":"\/logo.png","url":"\/logo.png","width":600,"height":60}},"image":null,"wordCount":228,"keywords":null},{"@type":"Article","@id":"https:\/\/www.lejhanec.cz\/co-obnasi-vodni-dymka\/","headline":"Co obn\u00e1\u0161\u00ed vodn\u00ed d\u00fdmka?","url":"https:\/\/www.lejhanec.cz\/co-obnasi-vodni-dymka\/","datePublished":"2025-02-14","dateModified":"2025-02-14","mainEntityOfPage":"https:\/\/www.lejhanec.cz\/co-obnasi-vodni-dymka\/","author":{"@type":"Person","@id":"https:\/\/www.lejhanec.cz\/author\/devene\/#Person","name":"devene","url":"https:\/\/www.lejhanec.cz\/author\/devene\/","identifier":1,"image":{"@type":"ImageObject","@id":"https:\/\/secure.gravatar.com\/avatar\/1a78ecc0e437eba31014e33ef1099b06183f235c76cc2a60652b6bba7126ee97?s=96&d=mm&r=g","url":"https:\/\/secure.gravatar.com\/avatar\/1a78ecc0e437eba31014e33ef1099b06183f235c76cc2a60652b6bba7126ee97?s=96&d=mm&r=g","height":96,"width":96}},"publisher":{"@type":"Organization","name":"lejhanec.cz","logo":{"@type":"ImageObject","@id":"\/logo.png","url":"\/logo.png","width":600,"height":60}},"image":{"@type":"ImageObject","@id":"https:\/\/www.lejhanec.cz\/wp-content\/uploads\/d_10_10_10_9.jpg","url":"https:\/\/www.lejhanec.cz\/wp-content\/uploads\/d_10_10_10_9.jpg","height":0,"width":0},"wordCount":678,"keywords":null},{"@type":"Article","@id":"https:\/\/www.lejhanec.cz\/pracovni-plosiny-s-ruznou-pracovni-vyskou\/","headline":"Pracovn\u00ed plo\u0161iny s\u00a0r\u016fznou pracovn\u00ed v\u00fd\u0161kou","url":"https:\/\/www.lejhanec.cz\/pracovni-plosiny-s-ruznou-pracovni-vyskou\/","datePublished":"2025-02-10","dateModified":"2025-02-10","mainEntityOfPage":"https:\/\/www.lejhanec.cz\/pracovni-plosiny-s-ruznou-pracovni-vyskou\/","author":{"@type":"Person","@id":"https:\/\/www.lejhanec.cz\/author\/devene\/#Person","name":"devene","url":"https:\/\/www.lejhanec.cz\/author\/devene\/","identifier":1,"image":{"@type":"ImageObject","@id":"https:\/\/secure.gravatar.com\/avatar\/1a78ecc0e437eba31014e33ef1099b06183f235c76cc2a60652b6bba7126ee97?s=96&d=mm&r=g","url":"https:\/\/secure.gravatar.com\/avatar\/1a78ecc0e437eba31014e33ef1099b06183f235c76cc2a60652b6bba7126ee97?s=96&d=mm&r=g","height":96,"width":96}},"publisher":{"@type":"Organization","name":"lejhanec.cz","logo":{"@type":"ImageObject","@id":"\/logo.png","url":"\/logo.png","width":600,"height":60}},"image":null,"wordCount":237,"keywords":null}]},{"@context":"https:\/\/schema.org","@type":"WebSite","@id":"https:\/\/www.lejhanec.cz\/#website","name":"Lejhanec","url":"https:\/\/www.lejhanec.cz","potentialAction":{"@type":"SearchAction","target":"https:\/\/www.lejhanec.cz\/?s={search_term_string}","query-input":"required name=search_term_string"}}]