[{"@context":"https:\/\/schema.org\/","@type":"Blog","@id":"https:\/\/www.lejhanec.cz#Blog","headline":"Lejhanec","description":"\nCht\u011bli byste poznat n\u011bkoho, kdo by v\u00e1m nenastavoval pok\u0159iven\u00e9 zrcadlo? Kdo by v\u00e1m ani ne\u0161kodil, ani v\u00e1m nepochleboval? Pak jste na na\u0161em webu spr\u00e1vn\u011b.","url":"https:\/\/www.lejhanec.cz","hasPart":[{"@type":"Article","@id":"https:\/\/www.lejhanec.cz\/vite-ze\/","headline":"V\u00edte \u017ee?","url":"https:\/\/www.lejhanec.cz\/vite-ze\/","datePublished":"2024-12-17","dateModified":"2024-12-17","mainEntityOfPage":"https:\/\/www.lejhanec.cz\/vite-ze\/","author":{"@type":"Person","@id":"https:\/\/www.lejhanec.cz\/author\/devene\/#Person","name":"devene","url":"https:\/\/www.lejhanec.cz\/author\/devene\/","identifier":1,"image":{"@type":"ImageObject","@id":"https:\/\/secure.gravatar.com\/avatar\/1a78ecc0e437eba31014e33ef1099b06183f235c76cc2a60652b6bba7126ee97?s=96&d=mm&r=g","url":"https:\/\/secure.gravatar.com\/avatar\/1a78ecc0e437eba31014e33ef1099b06183f235c76cc2a60652b6bba7126ee97?s=96&d=mm&r=g","height":96,"width":96}},"publisher":{"@type":"Organization","name":"lejhanec.cz","logo":{"@type":"ImageObject","@id":"\/logo.png","url":"\/logo.png","width":600,"height":60}},"image":null,"wordCount":242,"keywords":null},{"@type":"Article","@id":"https:\/\/www.lejhanec.cz\/aby-bylo-financne-lip\/","headline":"Aby bylo finan\u010dn\u011b l\u00edp","url":"https:\/\/www.lejhanec.cz\/aby-bylo-financne-lip\/","datePublished":"2024-12-14","dateModified":"2024-12-14","mainEntityOfPage":"https:\/\/www.lejhanec.cz\/aby-bylo-financne-lip\/","author":{"@type":"Person","@id":"https:\/\/www.lejhanec.cz\/author\/devene\/#Person","name":"devene","url":"https:\/\/www.lejhanec.cz\/author\/devene\/","identifier":1,"image":{"@type":"ImageObject","@id":"https:\/\/secure.gravatar.com\/avatar\/1a78ecc0e437eba31014e33ef1099b06183f235c76cc2a60652b6bba7126ee97?s=96&d=mm&r=g","url":"https:\/\/secure.gravatar.com\/avatar\/1a78ecc0e437eba31014e33ef1099b06183f235c76cc2a60652b6bba7126ee97?s=96&d=mm&r=g","height":96,"width":96}},"publisher":{"@type":"Organization","name":"lejhanec.cz","logo":{"@type":"ImageObject","@id":"\/logo.png","url":"\/logo.png","width":600,"height":60}},"image":{"@type":"ImageObject","@id":"https:\/\/www.lejhanec.cz\/wp-content\/uploads\/pppppppppppp_10_10_6.jpg","url":"https:\/\/www.lejhanec.cz\/wp-content\/uploads\/pppppppppppp_10_10_6.jpg","height":0,"width":0},"wordCount":583,"keywords":null},{"@type":"Article","@id":"https:\/\/www.lejhanec.cz\/vyuzijte-nase-druhy-a-zvolte-si-spravne\/","headline":"Vyu\u017eijte na\u0161e druhy a zvolte si spr\u00e1vn\u011b","url":"https:\/\/www.lejhanec.cz\/vyuzijte-nase-druhy-a-zvolte-si-spravne\/","datePublished":"2024-12-09","dateModified":"2024-12-09","mainEntityOfPage":"https:\/\/www.lejhanec.cz\/vyuzijte-nase-druhy-a-zvolte-si-spravne\/","author":{"@type":"Person","@id":"https:\/\/www.lejhanec.cz\/author\/devene\/#Person","name":"devene","url":"https:\/\/www.lejhanec.cz\/author\/devene\/","identifier":1,"image":{"@type":"ImageObject","@id":"https:\/\/secure.gravatar.com\/avatar\/1a78ecc0e437eba31014e33ef1099b06183f235c76cc2a60652b6bba7126ee97?s=96&d=mm&r=g","url":"https:\/\/secure.gravatar.com\/avatar\/1a78ecc0e437eba31014e33ef1099b06183f235c76cc2a60652b6bba7126ee97?s=96&d=mm&r=g","height":96,"width":96}},"publisher":{"@type":"Organization","name":"lejhanec.cz","logo":{"@type":"ImageObject","@id":"\/logo.png","url":"\/logo.png","width":600,"height":60}},"image":null,"wordCount":250,"keywords":null},{"@type":"Article","@id":"https:\/\/www.lejhanec.cz\/je-vam-zima\/","headline":"Je v\u00e1m zima?","url":"https:\/\/www.lejhanec.cz\/je-vam-zima\/","datePublished":"2024-12-02","dateModified":"2024-12-02","mainEntityOfPage":"https:\/\/www.lejhanec.cz\/je-vam-zima\/","author":{"@type":"Person","@id":"https:\/\/www.lejhanec.cz\/author\/devene\/#Person","name":"devene","url":"https:\/\/www.lejhanec.cz\/author\/devene\/","identifier":1,"image":{"@type":"ImageObject","@id":"https:\/\/secure.gravatar.com\/avatar\/1a78ecc0e437eba31014e33ef1099b06183f235c76cc2a60652b6bba7126ee97?s=96&d=mm&r=g","url":"https:\/\/secure.gravatar.com\/avatar\/1a78ecc0e437eba31014e33ef1099b06183f235c76cc2a60652b6bba7126ee97?s=96&d=mm&r=g","height":96,"width":96}},"publisher":{"@type":"Organization","name":"lejhanec.cz","logo":{"@type":"ImageObject","@id":"\/logo.png","url":"\/logo.png","width":600,"height":60}},"image":null,"wordCount":254,"keywords":null},{"@type":"Article","@id":"https:\/\/www.lejhanec.cz\/hledate-dobrou-autoskolu\/","headline":"Hled\u00e1te dobrou auto\u0161kolu?","url":"https:\/\/www.lejhanec.cz\/hledate-dobrou-autoskolu\/","datePublished":"2024-11-28","dateModified":"2024-11-28","mainEntityOfPage":"https:\/\/www.lejhanec.cz\/hledate-dobrou-autoskolu\/","author":{"@type":"Person","@id":"https:\/\/www.lejhanec.cz\/author\/devene\/#Person","name":"devene","url":"https:\/\/www.lejhanec.cz\/author\/devene\/","identifier":1,"image":{"@type":"ImageObject","@id":"https:\/\/secure.gravatar.com\/avatar\/1a78ecc0e437eba31014e33ef1099b06183f235c76cc2a60652b6bba7126ee97?s=96&d=mm&r=g","url":"https:\/\/secure.gravatar.com\/avatar\/1a78ecc0e437eba31014e33ef1099b06183f235c76cc2a60652b6bba7126ee97?s=96&d=mm&r=g","height":96,"width":96}},"publisher":{"@type":"Organization","name":"lejhanec.cz","logo":{"@type":"ImageObject","@id":"\/logo.png","url":"\/logo.png","width":600,"height":60}},"image":{"@type":"ImageObject","@id":"https:\/\/www.lejhanec.cz\/wp-content\/uploads\/drivers-license-3605411_640(1)_5.jpg","url":"https:\/\/www.lejhanec.cz\/wp-content\/uploads\/drivers-license-3605411_640(1)_5.jpg","height":0,"width":0},"wordCount":560,"keywords":null},{"@type":"Article","@id":"https:\/\/www.lejhanec.cz\/kde-vyuzit-polypropylenove-popruhy\/","headline":"Kde vyu\u017e\u00edt polypropylenov\u00e9 popruhy","url":"https:\/\/www.lejhanec.cz\/kde-vyuzit-polypropylenove-popruhy\/","datePublished":"2024-11-27","dateModified":"2024-11-27","mainEntityOfPage":"https:\/\/www.lejhanec.cz\/kde-vyuzit-polypropylenove-popruhy\/","author":{"@type":"Person","@id":"https:\/\/www.lejhanec.cz\/author\/devene\/#Person","name":"devene","url":"https:\/\/www.lejhanec.cz\/author\/devene\/","identifier":1,"image":{"@type":"ImageObject","@id":"https:\/\/secure.gravatar.com\/avatar\/1a78ecc0e437eba31014e33ef1099b06183f235c76cc2a60652b6bba7126ee97?s=96&d=mm&r=g","url":"https:\/\/secure.gravatar.com\/avatar\/1a78ecc0e437eba31014e33ef1099b06183f235c76cc2a60652b6bba7126ee97?s=96&d=mm&r=g","height":96,"width":96}},"publisher":{"@type":"Organization","name":"lejhanec.cz","logo":{"@type":"ImageObject","@id":"\/logo.png","url":"\/logo.png","width":600,"height":60}},"image":{"@type":"ImageObject","@id":"https:\/\/www.lejhanec.cz\/wp-content\/uploads\/handbag-8988650_640.jpg","url":"https:\/\/www.lejhanec.cz\/wp-content\/uploads\/handbag-8988650_640.jpg","height":0,"width":0},"wordCount":640,"keywords":null},{"@type":"Article","@id":"https:\/\/www.lejhanec.cz\/cesta-za-zdravejsim-zivotnim-stylem\/","headline":"Cesta za zdrav\u011bj\u0161\u00edm \u017eivotn\u00edm stylem","url":"https:\/\/www.lejhanec.cz\/cesta-za-zdravejsim-zivotnim-stylem\/","datePublished":"2024-11-25","dateModified":"2024-11-25","mainEntityOfPage":"https:\/\/www.lejhanec.cz\/cesta-za-zdravejsim-zivotnim-stylem\/","author":{"@type":"Person","@id":"https:\/\/www.lejhanec.cz\/author\/devene\/#Person","name":"devene","url":"https:\/\/www.lejhanec.cz\/author\/devene\/","identifier":1,"image":{"@type":"ImageObject","@id":"https:\/\/secure.gravatar.com\/avatar\/1a78ecc0e437eba31014e33ef1099b06183f235c76cc2a60652b6bba7126ee97?s=96&d=mm&r=g","url":"https:\/\/secure.gravatar.com\/avatar\/1a78ecc0e437eba31014e33ef1099b06183f235c76cc2a60652b6bba7126ee97?s=96&d=mm&r=g","height":96,"width":96}},"publisher":{"@type":"Organization","name":"lejhanec.cz","logo":{"@type":"ImageObject","@id":"\/logo.png","url":"\/logo.png","width":600,"height":60}},"image":null,"wordCount":279,"keywords":null},{"@type":"Article","@id":"https:\/\/www.lejhanec.cz\/co-vam-preji-hvezdy\/","headline":"Co v\u00e1m p\u0159ej\u00ed hv\u011bzdy","url":"https:\/\/www.lejhanec.cz\/co-vam-preji-hvezdy\/","datePublished":"2024-11-20","dateModified":"2024-11-20","mainEntityOfPage":"https:\/\/www.lejhanec.cz\/co-vam-preji-hvezdy\/","author":{"@type":"Person","@id":"https:\/\/www.lejhanec.cz\/author\/devene\/#Person","name":"devene","url":"https:\/\/www.lejhanec.cz\/author\/devene\/","identifier":1,"image":{"@type":"ImageObject","@id":"https:\/\/secure.gravatar.com\/avatar\/1a78ecc0e437eba31014e33ef1099b06183f235c76cc2a60652b6bba7126ee97?s=96&d=mm&r=g","url":"https:\/\/secure.gravatar.com\/avatar\/1a78ecc0e437eba31014e33ef1099b06183f235c76cc2a60652b6bba7126ee97?s=96&d=mm&r=g","height":96,"width":96}},"publisher":{"@type":"Organization","name":"lejhanec.cz","logo":{"@type":"ImageObject","@id":"\/logo.png","url":"\/logo.png","width":600,"height":60}},"image":null,"wordCount":228,"keywords":null},{"@type":"Article","@id":"https:\/\/www.lejhanec.cz\/diky-nasemu-preparatu-budete-aktivni-i-v-obdobi-klimakteria\/","headline":"D\u00edky na\u0161emu prepar\u00e1tu budete aktivn\u00ed i v\u00a0obdob\u00ed klimakteria","url":"https:\/\/www.lejhanec.cz\/diky-nasemu-preparatu-budete-aktivni-i-v-obdobi-klimakteria\/","datePublished":"2024-11-11","dateModified":"2024-11-11","mainEntityOfPage":"https:\/\/www.lejhanec.cz\/diky-nasemu-preparatu-budete-aktivni-i-v-obdobi-klimakteria\/","author":{"@type":"Person","@id":"https:\/\/www.lejhanec.cz\/author\/devene\/#Person","name":"devene","url":"https:\/\/www.lejhanec.cz\/author\/devene\/","identifier":1,"image":{"@type":"ImageObject","@id":"https:\/\/secure.gravatar.com\/avatar\/1a78ecc0e437eba31014e33ef1099b06183f235c76cc2a60652b6bba7126ee97?s=96&d=mm&r=g","url":"https:\/\/secure.gravatar.com\/avatar\/1a78ecc0e437eba31014e33ef1099b06183f235c76cc2a60652b6bba7126ee97?s=96&d=mm&r=g","height":96,"width":96}},"publisher":{"@type":"Organization","name":"lejhanec.cz","logo":{"@type":"ImageObject","@id":"\/logo.png","url":"\/logo.png","width":600,"height":60}},"image":null,"wordCount":185,"keywords":null},{"@type":"Article","@id":"https:\/\/www.lejhanec.cz\/financujeme-hypotekou-dvougeneracni-dum\/","headline":"Financujeme hypot\u00e9kou dvougenera\u010dn\u00ed d\u016fm","url":"https:\/\/www.lejhanec.cz\/financujeme-hypotekou-dvougeneracni-dum\/","datePublished":"2024-11-05","dateModified":"2024-11-05","mainEntityOfPage":"https:\/\/www.lejhanec.cz\/financujeme-hypotekou-dvougeneracni-dum\/","author":{"@type":"Person","@id":"https:\/\/www.lejhanec.cz\/author\/devene\/#Person","name":"devene","url":"https:\/\/www.lejhanec.cz\/author\/devene\/","identifier":1,"image":{"@type":"ImageObject","@id":"https:\/\/secure.gravatar.com\/avatar\/1a78ecc0e437eba31014e33ef1099b06183f235c76cc2a60652b6bba7126ee97?s=96&d=mm&r=g","url":"https:\/\/secure.gravatar.com\/avatar\/1a78ecc0e437eba31014e33ef1099b06183f235c76cc2a60652b6bba7126ee97?s=96&d=mm&r=g","height":96,"width":96}},"publisher":{"@type":"Organization","name":"lejhanec.cz","logo":{"@type":"ImageObject","@id":"\/logo.png","url":"\/logo.png","width":600,"height":60}},"image":{"@type":"ImageObject","@id":"https:\/\/www.lejhanec.cz\/wp-content\/uploads\/luxury-home-2412264_640.jpg","url":"https:\/\/www.lejhanec.cz\/wp-content\/uploads\/luxury-home-2412264_640.jpg","height":0,"width":0},"wordCount":579,"keywords":null}]},{"@context":"https:\/\/schema.org","@type":"WebSite","@id":"https:\/\/www.lejhanec.cz\/#website","name":"Lejhanec","url":"https:\/\/www.lejhanec.cz","potentialAction":{"@type":"SearchAction","target":"https:\/\/www.lejhanec.cz\/?s={search_term_string}","query-input":"required name=search_term_string"}}]